{"id":1195,"name":"Beyaz \u0131\u015f\u0131k a\u011f\u0131z ve di\u015f","url":"","description":"","link":"https:\/\/tedder-global.com\/tr\/author\/beyaz-isik-agiz-ve-dis-sagligi-poliklinigi\/","slug":"beyaz-isik-agiz-ve-dis-sagligi-poliklinigi","avatar_urls":{"24":"https:\/\/secure.gravatar.com\/avatar\/1a66e4098a35a4fa6c7f8bdf3ff81a126eb8256d45c6058f4f9bc7a898ce4e84?s=24&d=mm&r=g","48":"https:\/\/secure.gravatar.com\/avatar\/1a66e4098a35a4fa6c7f8bdf3ff81a126eb8256d45c6058f4f9bc7a898ce4e84?s=48&d=mm&r=g","96":"https:\/\/secure.gravatar.com\/avatar\/1a66e4098a35a4fa6c7f8bdf3ff81a126eb8256d45c6058f4f9bc7a898ce4e84?s=96&d=mm&r=g"},"meta":[],"elementor_introduction":"","_links":{"self":[{"href":"https:\/\/tedder-global.com\/tr\/wp-json\/wp\/v2\/users\/1195","targetHints":{"allow":["GET"]}}],"collection":[{"href":"https:\/\/tedder-global.com\/tr\/wp-json\/wp\/v2\/users"}]}}